{"id":466,"date":"2018-10-14T18:28:59","date_gmt":"2018-10-14T16:28:59","guid":{"rendered":"http:\/\/pti.cs.pollub.pl\/?p=466"},"modified":"2019-06-20T00:33:24","modified_gmt":"2019-06-19T22:33:24","slug":"konferencja-technologie-it-w-zarzadzaniu-dziedzictwem-kulturowym","status":"publish","type":"post","link":"https:\/\/pti.cs.pollub.pl\/index.php\/2018\/10\/14\/konferencja-technologie-it-w-zarzadzaniu-dziedzictwem-kulturowym\/","title":{"rendered":"Konferencja &#8222;Technologie IT w zarz\u0105dzaniu dziedzictwem kulturowym&#8221;"},"content":{"rendered":"<p>16.10.2018 na Politechnice Lubelskiej odb\u0119dzie si\u0119 konferencja &#8222;Technologie IT w zarz\u0105dzaniu dziedzictwem kulturowym&#8221;. Oddzia\u0142 Lubelski PTI jest jednym z\u00a0organizator\u00f3w tego wydarzenia. W konferencji wezm\u0105 udzia\u0142 informatycy i muzealnicy &#8211; pracownicy Muzeum Zamoyskich w Koz\u0142\u00f3wce, jak r\u00f3wnie\u017c zaproszeni go\u015bcie &#8211; pracownicy muze\u00f3w\u00a0 Samarkandy. Wi\u0119cej informacji na <a href=\"https:\/\/cs.pollub.pl\/english-it-in-cultural-heritage-management-it-chm\/\">stronie konferencji<\/a>.<\/p>\n<p>Serdecznie zapraszamy cz\u0142onk\u00f3w Oddzia\u0142u Lubelskiego PTI.<\/p>\n<p><img decoding=\"async\" loading=\"lazy\" class=\"alignnone size-medium wp-image-467\" src=\"http:\/\/pti.cs.pollub.pl\/wp-content\/uploads\/2018\/10\/konf_Samarkanda-212x300.jpg\" alt=\"konf_samarkanda\" width=\"212\" height=\"300\" srcset=\"https:\/\/pti.cs.pollub.pl\/wp-content\/uploads\/2018\/10\/konf_Samarkanda.jpg 212w, https:\/\/pti.cs.pollub.pl\/wp-content\/uploads\/2018\/10\/konf_Samarkanda-35x50.jpg 35w\" sizes=\"(max-width: 212px) 100vw, 212px\" \/><\/p>\n","protected":false},"excerpt":{"rendered":"<p>16.10.2018 na Politechnice Lubelskiej odb\u0119dzie si\u0119 konferencja &#8222;Technologie IT w zarz\u0105dzaniu dziedzictwem kulturowym&#8221;. Oddzia\u0142 Lubelski PTI jest jednym z\u00a0organizator\u00f3w tego wydarzenia. W konferencji wezm\u0105 udzia\u0142 informatycy i muzealnicy &#8211; pracownicy Muzeum Zamoyskich w Koz\u0142\u00f3wce, jak r\u00f3wnie\u017c zaproszeni go\u015bcie &#8211; pracownicy muze\u00f3w\u00a0 Samarkandy. Wi\u0119cej informacji na stronie konferencji. Serdecznie zapraszamy cz\u0142onk\u00f3w Oddzia\u0142u Lubelskiego PTI.<\/p>\n","protected":false},"author":2,"featured_media":0,"comment_status":"closed","ping_status":"closed","sticky":false,"template":"","format":"standard","meta":[],"categories":[5],"tags":[],"_links":{"self":[{"href":"https:\/\/pti.cs.pollub.pl\/index.php\/wp-json\/wp\/v2\/posts\/466"}],"collection":[{"href":"https:\/\/pti.cs.pollub.pl\/index.php\/wp-json\/wp\/v2\/posts"}],"about":[{"href":"https:\/\/pti.cs.pollub.pl\/index.php\/wp-json\/wp\/v2\/types\/post"}],"author":[{"embeddable":true,"href":"https:\/\/pti.cs.pollub.pl\/index.php\/wp-json\/wp\/v2\/users\/2"}],"replies":[{"embeddable":true,"href":"https:\/\/pti.cs.pollub.pl\/index.php\/wp-json\/wp\/v2\/comments?post=466"}],"version-history":[{"count":3,"href":"https:\/\/pti.cs.pollub.pl\/index.php\/wp-json\/wp\/v2\/posts\/466\/revisions"}],"predecessor-version":[{"id":471,"href":"https:\/\/pti.cs.pollub.pl\/index.php\/wp-json\/wp\/v2\/posts\/466\/revisions\/471"}],"wp:attachment":[{"href":"https:\/\/pti.cs.pollub.pl\/index.php\/wp-json\/wp\/v2\/media?parent=466"}],"wp:term":[{"taxonomy":"category","embeddable":true,"href":"https:\/\/pti.cs.pollub.pl\/index.php\/wp-json\/wp\/v2\/categories?post=466"},{"taxonomy":"post_tag","embeddable":true,"href":"https:\/\/pti.cs.pollub.pl\/index.php\/wp-json\/wp\/v2\/tags?post=466"}],"curies":[{"name":"wp","href":"https:\/\/api.w.org\/{rel}","templated":true}]}}