{"id":487,"date":"2019-06-20T00:50:08","date_gmt":"2019-06-19T22:50:08","guid":{"rendered":"http:\/\/pti.cs.pollub.pl\/?p=487"},"modified":"2019-06-23T22:37:34","modified_gmt":"2019-06-23T20:37:34","slug":"2019-international-conference-on-computational-intelligence-information-technology-and-systems-research-cits19-june-13-15-2019","status":"publish","type":"post","link":"https:\/\/pti.cs.pollub.pl\/index.php\/2019\/06\/20\/2019-international-conference-on-computational-intelligence-information-technology-and-systems-research-cits19-june-13-15-2019\/","title":{"rendered":"2019 International Conference on Computational Intelligence, Information Technology and Systems Research (CITS\u201919), June 13-15, 2019"},"content":{"rendered":"<p><strong>W dniach 13-15 czerwca 2019 r. na Politechnice Lubelskiej odby\u0142a si\u0119 kolejna konferencja z serii <a href=\"http:\/\/weii.pollub.pl\/pl\/konferencja-cits\">Mi\u0119dzynarodowa Konferencja Inteligencji Obliczeniowej, Technik Informacyjnych i Bada\u0144 System<\/a>owych. W tym istotnym wydarzeniu naukowym wzi\u0119\u0142o udzia\u0142 blisko 50 naukowc\u00f3w z r\u00f3\u017cnych o\u015brodk\u00f3w. Oddzia\u0142 Lubelski PTI by\u0142 jednym ze wsp\u00f3\u0142organizator\u00f3w konferencji.<\/strong><\/p>\n<p><strong>Program konferencji mo\u017cna znale\u017a\u0107 <a href=\"http:\/\/weii.pollub.pl\/files\/18\/attachment\/3524_programCITS.pdf\">tutaj<\/a>, a ksi\u0119g\u0119 abstrakt\u00f3w <a href=\"http:\/\/weii.pollub.pl\/files\/18\/attachment\/3565_CITS19_abstracts.pdf\">tutaj<\/a>.<\/strong><\/p>\n<div id='gallery-1' class='gallery galleryid-487 gallery-columns-3 gallery-size-full'><figure class='gallery-item'>\n\t\t\t<div class='gallery-icon landscape'>\n\t\t\t\t<a href='https:\/\/pti.cs.pollub.pl\/wp-content\/uploads\/2019\/06\/CITS2019_otwarcieJMRektor_PL-prof.-Piotr-Kacejko-i-Dziekan-WEiI-prof.-Henryka-Stryczewska.jpg'><img width=\"2000\" height=\"1333\" src=\"https:\/\/pti.cs.pollub.pl\/wp-content\/uploads\/2019\/06\/CITS2019_otwarcieJMRektor_PL-prof.-Piotr-Kacejko-i-Dziekan-WEiI-prof.-Henryka-Stryczewska.jpg\" class=\"attachment-full size-full\" alt=\"\" decoding=\"async\" loading=\"lazy\" aria-describedby=\"gallery-1-489\" srcset=\"https:\/\/pti.cs.pollub.pl\/wp-content\/uploads\/2019\/06\/CITS2019_otwarcieJMRektor_PL-prof.-Piotr-Kacejko-i-Dziekan-WEiI-prof.-Henryka-Stryczewska.jpg 2000w, https:\/\/pti.cs.pollub.pl\/wp-content\/uploads\/2019\/06\/CITS2019_otwarcieJMRektor_PL-prof.-Piotr-Kacejko-i-Dziekan-WEiI-prof.-Henryka-Stryczewska-300x200.jpg 300w, https:\/\/pti.cs.pollub.pl\/wp-content\/uploads\/2019\/06\/CITS2019_otwarcieJMRektor_PL-prof.-Piotr-Kacejko-i-Dziekan-WEiI-prof.-Henryka-Stryczewska-768x512.jpg 768w, https:\/\/pti.cs.pollub.pl\/wp-content\/uploads\/2019\/06\/CITS2019_otwarcieJMRektor_PL-prof.-Piotr-Kacejko-i-Dziekan-WEiI-prof.-Henryka-Stryczewska-1024x682.jpg 1024w, https:\/\/pti.cs.pollub.pl\/wp-content\/uploads\/2019\/06\/CITS2019_otwarcieJMRektor_PL-prof.-Piotr-Kacejko-i-Dziekan-WEiI-prof.-Henryka-Stryczewska-50x33.jpg 50w\" sizes=\"(max-width: 2000px) 100vw, 2000px\" \/><\/a>\n\t\t\t<\/div>\n\t\t\t\t<figcaption class='wp-caption-text gallery-caption' id='gallery-1-489'>\n\t\t\t\tOtwarcie konferencji: JM Rektor PL prof. Piotr Kacejko i Dziekan WEiI prof. Henryka Danuta Stryczewska\n\t\t\t\t<\/figcaption><\/figure><figure class='gallery-item'>\n\t\t\t<div class='gallery-icon landscape'>\n\t\t\t\t<a href='https:\/\/pti.cs.pollub.pl\/wp-content\/uploads\/2019\/06\/CITS2019-prof.-Jan-W.-Owsi\u0144ski-.jpg'><img width=\"2000\" height=\"1334\" src=\"https:\/\/pti.cs.pollub.pl\/wp-content\/uploads\/2019\/06\/CITS2019-prof.-Jan-W.-Owsi\u0144ski-.jpg\" class=\"attachment-full size-full\" alt=\"\" decoding=\"async\" loading=\"lazy\" aria-describedby=\"gallery-1-490\" srcset=\"https:\/\/pti.cs.pollub.pl\/wp-content\/uploads\/2019\/06\/CITS2019-prof.-Jan-W.-Owsi\u0144ski-.jpg 2000w, https:\/\/pti.cs.pollub.pl\/wp-content\/uploads\/2019\/06\/CITS2019-prof.-Jan-W.-Owsi\u0144ski--300x200.jpg 300w, https:\/\/pti.cs.pollub.pl\/wp-content\/uploads\/2019\/06\/CITS2019-prof.-Jan-W.-Owsi\u0144ski--768x512.jpg 768w, https:\/\/pti.cs.pollub.pl\/wp-content\/uploads\/2019\/06\/CITS2019-prof.-Jan-W.-Owsi\u0144ski--1024x683.jpg 1024w, https:\/\/pti.cs.pollub.pl\/wp-content\/uploads\/2019\/06\/CITS2019-prof.-Jan-W.-Owsi\u0144ski--50x33.jpg 50w\" sizes=\"(max-width: 2000px) 100vw, 2000px\" \/><\/a>\n\t\t\t<\/div>\n\t\t\t\t<figcaption class='wp-caption-text gallery-caption' id='gallery-1-490'>\n\t\t\t\tDr Jan W. Owsi\u0144ski\n\t\t\t\t<\/figcaption><\/figure><figure class='gallery-item'>\n\t\t\t<div class='gallery-icon landscape'>\n\t\t\t\t<a href='https:\/\/pti.cs.pollub.pl\/wp-content\/uploads\/2019\/06\/Prof.-Janusz-Kacprzyk.jpg'><img width=\"6000\" height=\"4000\" src=\"https:\/\/pti.cs.pollub.pl\/wp-content\/uploads\/2019\/06\/Prof.-Janusz-Kacprzyk.jpg\" class=\"attachment-full size-full\" alt=\"\" decoding=\"async\" loading=\"lazy\" aria-describedby=\"gallery-1-505\" srcset=\"https:\/\/pti.cs.pollub.pl\/wp-content\/uploads\/2019\/06\/Prof.-Janusz-Kacprzyk.jpg 6000w, https:\/\/pti.cs.pollub.pl\/wp-content\/uploads\/2019\/06\/Prof.-Janusz-Kacprzyk-300x200.jpg 300w, https:\/\/pti.cs.pollub.pl\/wp-content\/uploads\/2019\/06\/Prof.-Janusz-Kacprzyk-768x512.jpg 768w, https:\/\/pti.cs.pollub.pl\/wp-content\/uploads\/2019\/06\/Prof.-Janusz-Kacprzyk-1024x683.jpg 1024w, https:\/\/pti.cs.pollub.pl\/wp-content\/uploads\/2019\/06\/Prof.-Janusz-Kacprzyk-50x33.jpg 50w\" sizes=\"(max-width: 6000px) 100vw, 6000px\" \/><\/a>\n\t\t\t<\/div>\n\t\t\t\t<figcaption class='wp-caption-text gallery-caption' id='gallery-1-505'>\n\t\t\t\tProf. Janusz Kacprzyk\n\t\t\t\t<\/figcaption><\/figure><figure class='gallery-item'>\n\t\t\t<div class='gallery-icon landscape'>\n\t\t\t\t<a href='https:\/\/pti.cs.pollub.pl\/wp-content\/uploads\/2019\/06\/CITS2019_prof.-Francesco-Marcelloni-.jpg'><img width=\"2000\" height=\"1333\" src=\"https:\/\/pti.cs.pollub.pl\/wp-content\/uploads\/2019\/06\/CITS2019_prof.-Francesco-Marcelloni-.jpg\" class=\"attachment-full size-full\" alt=\"\" decoding=\"async\" loading=\"lazy\" aria-describedby=\"gallery-1-491\" srcset=\"https:\/\/pti.cs.pollub.pl\/wp-content\/uploads\/2019\/06\/CITS2019_prof.-Francesco-Marcelloni-.jpg 2000w, https:\/\/pti.cs.pollub.pl\/wp-content\/uploads\/2019\/06\/CITS2019_prof.-Francesco-Marcelloni--300x200.jpg 300w, https:\/\/pti.cs.pollub.pl\/wp-content\/uploads\/2019\/06\/CITS2019_prof.-Francesco-Marcelloni--768x512.jpg 768w, https:\/\/pti.cs.pollub.pl\/wp-content\/uploads\/2019\/06\/CITS2019_prof.-Francesco-Marcelloni--1024x682.jpg 1024w, https:\/\/pti.cs.pollub.pl\/wp-content\/uploads\/2019\/06\/CITS2019_prof.-Francesco-Marcelloni--50x33.jpg 50w\" sizes=\"(max-width: 2000px) 100vw, 2000px\" \/><\/a>\n\t\t\t<\/div>\n\t\t\t\t<figcaption class='wp-caption-text gallery-caption' id='gallery-1-491'>\n\t\t\t\tProf. Francesco Marcelloni\n\t\t\t\t<\/figcaption><\/figure><figure class='gallery-item'>\n\t\t\t<div class='gallery-icon landscape'>\n\t\t\t\t<a href='https:\/\/pti.cs.pollub.pl\/wp-content\/uploads\/2019\/06\/CITS2019_prof.Janusz-Kacprzyk.jpg'><img width=\"2000\" height=\"1333\" src=\"https:\/\/pti.cs.pollub.pl\/wp-content\/uploads\/2019\/06\/CITS2019_prof.Janusz-Kacprzyk.jpg\" class=\"attachment-full size-full\" alt=\"\" decoding=\"async\" loading=\"lazy\" aria-describedby=\"gallery-1-492\" srcset=\"https:\/\/pti.cs.pollub.pl\/wp-content\/uploads\/2019\/06\/CITS2019_prof.Janusz-Kacprzyk.jpg 2000w, https:\/\/pti.cs.pollub.pl\/wp-content\/uploads\/2019\/06\/CITS2019_prof.Janusz-Kacprzyk-300x200.jpg 300w, https:\/\/pti.cs.pollub.pl\/wp-content\/uploads\/2019\/06\/CITS2019_prof.Janusz-Kacprzyk-768x512.jpg 768w, https:\/\/pti.cs.pollub.pl\/wp-content\/uploads\/2019\/06\/CITS2019_prof.Janusz-Kacprzyk-1024x682.jpg 1024w, https:\/\/pti.cs.pollub.pl\/wp-content\/uploads\/2019\/06\/CITS2019_prof.Janusz-Kacprzyk-50x33.jpg 50w\" sizes=\"(max-width: 2000px) 100vw, 2000px\" \/><\/a>\n\t\t\t<\/div>\n\t\t\t\t<figcaption class='wp-caption-text gallery-caption' id='gallery-1-492'>\n\t\t\t\tProf. Piotr Kulczycki\n\t\t\t\t<\/figcaption><\/figure><figure class='gallery-item'>\n\t\t\t<div class='gallery-icon landscape'>\n\t\t\t\t<a href='https:\/\/pti.cs.pollub.pl\/wp-content\/uploads\/2019\/06\/CITS2019-prof.-Dacheng-Tao-.jpg'><img width=\"2000\" height=\"1333\" src=\"https:\/\/pti.cs.pollub.pl\/wp-content\/uploads\/2019\/06\/CITS2019-prof.-Dacheng-Tao-.jpg\" class=\"attachment-full size-full\" alt=\"\" decoding=\"async\" loading=\"lazy\" aria-describedby=\"gallery-1-493\" srcset=\"https:\/\/pti.cs.pollub.pl\/wp-content\/uploads\/2019\/06\/CITS2019-prof.-Dacheng-Tao-.jpg 2000w, https:\/\/pti.cs.pollub.pl\/wp-content\/uploads\/2019\/06\/CITS2019-prof.-Dacheng-Tao--300x200.jpg 300w, https:\/\/pti.cs.pollub.pl\/wp-content\/uploads\/2019\/06\/CITS2019-prof.-Dacheng-Tao--768x512.jpg 768w, https:\/\/pti.cs.pollub.pl\/wp-content\/uploads\/2019\/06\/CITS2019-prof.-Dacheng-Tao--1024x682.jpg 1024w, https:\/\/pti.cs.pollub.pl\/wp-content\/uploads\/2019\/06\/CITS2019-prof.-Dacheng-Tao--50x33.jpg 50w\" sizes=\"(max-width: 2000px) 100vw, 2000px\" \/><\/a>\n\t\t\t<\/div>\n\t\t\t\t<figcaption class='wp-caption-text gallery-caption' id='gallery-1-493'>\n\t\t\t\tProf. Dacheng Tao\n\t\t\t\t<\/figcaption><\/figure><figure class='gallery-item'>\n\t\t\t<div class='gallery-icon landscape'>\n\t\t\t\t<a href='https:\/\/pti.cs.pollub.pl\/wp-content\/uploads\/2019\/06\/CITS2019-zwiedzanie-Lab-3D-Instytut-Informatyki-.jpg'><img width=\"2000\" height=\"1333\" src=\"https:\/\/pti.cs.pollub.pl\/wp-content\/uploads\/2019\/06\/CITS2019-zwiedzanie-Lab-3D-Instytut-Informatyki-.jpg\" class=\"attachment-full size-full\" alt=\"\" decoding=\"async\" loading=\"lazy\" aria-describedby=\"gallery-1-494\" srcset=\"https:\/\/pti.cs.pollub.pl\/wp-content\/uploads\/2019\/06\/CITS2019-zwiedzanie-Lab-3D-Instytut-Informatyki-.jpg 2000w, https:\/\/pti.cs.pollub.pl\/wp-content\/uploads\/2019\/06\/CITS2019-zwiedzanie-Lab-3D-Instytut-Informatyki--300x200.jpg 300w, https:\/\/pti.cs.pollub.pl\/wp-content\/uploads\/2019\/06\/CITS2019-zwiedzanie-Lab-3D-Instytut-Informatyki--768x512.jpg 768w, https:\/\/pti.cs.pollub.pl\/wp-content\/uploads\/2019\/06\/CITS2019-zwiedzanie-Lab-3D-Instytut-Informatyki--1024x682.jpg 1024w, https:\/\/pti.cs.pollub.pl\/wp-content\/uploads\/2019\/06\/CITS2019-zwiedzanie-Lab-3D-Instytut-Informatyki--50x33.jpg 50w\" sizes=\"(max-width: 2000px) 100vw, 2000px\" \/><\/a>\n\t\t\t<\/div>\n\t\t\t\t<figcaption class='wp-caption-text gallery-caption' id='gallery-1-494'>\n\t\t\t\tZwiedzanie Lab3D Instytutu Informatyki\n\t\t\t\t<\/figcaption><\/figure><figure class='gallery-item'>\n\t\t\t<div class='gallery-icon landscape'>\n\t\t\t\t<a href='https:\/\/pti.cs.pollub.pl\/wp-content\/uploads\/2019\/06\/CITS2019-zwiedzanie-Lab-3D-Instytut-Informatyki2-.jpg'><img width=\"2000\" height=\"1333\" src=\"https:\/\/pti.cs.pollub.pl\/wp-content\/uploads\/2019\/06\/CITS2019-zwiedzanie-Lab-3D-Instytut-Informatyki2-.jpg\" class=\"attachment-full size-full\" alt=\"\" decoding=\"async\" loading=\"lazy\" aria-describedby=\"gallery-1-495\" srcset=\"https:\/\/pti.cs.pollub.pl\/wp-content\/uploads\/2019\/06\/CITS2019-zwiedzanie-Lab-3D-Instytut-Informatyki2-.jpg 2000w, https:\/\/pti.cs.pollub.pl\/wp-content\/uploads\/2019\/06\/CITS2019-zwiedzanie-Lab-3D-Instytut-Informatyki2--300x200.jpg 300w, https:\/\/pti.cs.pollub.pl\/wp-content\/uploads\/2019\/06\/CITS2019-zwiedzanie-Lab-3D-Instytut-Informatyki2--768x512.jpg 768w, https:\/\/pti.cs.pollub.pl\/wp-content\/uploads\/2019\/06\/CITS2019-zwiedzanie-Lab-3D-Instytut-Informatyki2--1024x682.jpg 1024w, https:\/\/pti.cs.pollub.pl\/wp-content\/uploads\/2019\/06\/CITS2019-zwiedzanie-Lab-3D-Instytut-Informatyki2--50x33.jpg 50w\" sizes=\"(max-width: 2000px) 100vw, 2000px\" \/><\/a>\n\t\t\t<\/div>\n\t\t\t\t<figcaption class='wp-caption-text gallery-caption' id='gallery-1-495'>\n\t\t\t\tZwiedzanie Lab3D Instytutu Informatyki\n\t\t\t\t<\/figcaption><\/figure><figure class='gallery-item'>\n\t\t\t<div class='gallery-icon landscape'>\n\t\t\t\t<a href='https:\/\/pti.cs.pollub.pl\/wp-content\/uploads\/2019\/06\/CITS2019-zwiedzanie-Lab.-Motion-Captre-Instytut-Informatyki-.jpg'><img width=\"2000\" height=\"1333\" src=\"https:\/\/pti.cs.pollub.pl\/wp-content\/uploads\/2019\/06\/CITS2019-zwiedzanie-Lab.-Motion-Captre-Instytut-Informatyki-.jpg\" class=\"attachment-full size-full\" alt=\"\" decoding=\"async\" loading=\"lazy\" aria-describedby=\"gallery-1-496\" srcset=\"https:\/\/pti.cs.pollub.pl\/wp-content\/uploads\/2019\/06\/CITS2019-zwiedzanie-Lab.-Motion-Captre-Instytut-Informatyki-.jpg 2000w, https:\/\/pti.cs.pollub.pl\/wp-content\/uploads\/2019\/06\/CITS2019-zwiedzanie-Lab.-Motion-Captre-Instytut-Informatyki--300x200.jpg 300w, https:\/\/pti.cs.pollub.pl\/wp-content\/uploads\/2019\/06\/CITS2019-zwiedzanie-Lab.-Motion-Captre-Instytut-Informatyki--768x512.jpg 768w, https:\/\/pti.cs.pollub.pl\/wp-content\/uploads\/2019\/06\/CITS2019-zwiedzanie-Lab.-Motion-Captre-Instytut-Informatyki--1024x682.jpg 1024w, https:\/\/pti.cs.pollub.pl\/wp-content\/uploads\/2019\/06\/CITS2019-zwiedzanie-Lab.-Motion-Captre-Instytut-Informatyki--50x33.jpg 50w\" sizes=\"(max-width: 2000px) 100vw, 2000px\" \/><\/a>\n\t\t\t<\/div>\n\t\t\t\t<figcaption class='wp-caption-text gallery-caption' id='gallery-1-496'>\n\t\t\t\tZwiedzanie Lab. Motion Capture Instytutu Informatyki\n\t\t\t\t<\/figcaption><\/figure><figure class='gallery-item'>\n\t\t\t<div class='gallery-icon landscape'>\n\t\t\t\t<a href='https:\/\/pti.cs.pollub.pl\/wp-content\/uploads\/2019\/06\/CITS2019_obrady-z-lewej-prof.-Witold-Pedrycz-i-prof.-S\u0142awomir-Zadro\u017cny-.jpg'><img width=\"2000\" height=\"1333\" src=\"https:\/\/pti.cs.pollub.pl\/wp-content\/uploads\/2019\/06\/CITS2019_obrady-z-lewej-prof.-Witold-Pedrycz-i-prof.-S\u0142awomir-Zadro\u017cny-.jpg\" class=\"attachment-full size-full\" alt=\"\" decoding=\"async\" loading=\"lazy\" aria-describedby=\"gallery-1-497\" srcset=\"https:\/\/pti.cs.pollub.pl\/wp-content\/uploads\/2019\/06\/CITS2019_obrady-z-lewej-prof.-Witold-Pedrycz-i-prof.-S\u0142awomir-Zadro\u017cny-.jpg 2000w, https:\/\/pti.cs.pollub.pl\/wp-content\/uploads\/2019\/06\/CITS2019_obrady-z-lewej-prof.-Witold-Pedrycz-i-prof.-S\u0142awomir-Zadro\u017cny--300x200.jpg 300w, https:\/\/pti.cs.pollub.pl\/wp-content\/uploads\/2019\/06\/CITS2019_obrady-z-lewej-prof.-Witold-Pedrycz-i-prof.-S\u0142awomir-Zadro\u017cny--768x512.jpg 768w, https:\/\/pti.cs.pollub.pl\/wp-content\/uploads\/2019\/06\/CITS2019_obrady-z-lewej-prof.-Witold-Pedrycz-i-prof.-S\u0142awomir-Zadro\u017cny--1024x682.jpg 1024w, https:\/\/pti.cs.pollub.pl\/wp-content\/uploads\/2019\/06\/CITS2019_obrady-z-lewej-prof.-Witold-Pedrycz-i-prof.-S\u0142awomir-Zadro\u017cny--50x33.jpg 50w\" sizes=\"(max-width: 2000px) 100vw, 2000px\" \/><\/a>\n\t\t\t<\/div>\n\t\t\t\t<figcaption class='wp-caption-text gallery-caption' id='gallery-1-497'>\n\t\t\t\tObrady, z lewej prof. Witold Pedrycz i prof. S\u0142awomir Zadro\u017cny\n\t\t\t\t<\/figcaption><\/figure><figure class='gallery-item'>\n\t\t\t<div class='gallery-icon landscape'>\n\t\t\t\t<a href='https:\/\/pti.cs.pollub.pl\/wp-content\/uploads\/2019\/06\/CITS2019_przerwa-kawowa-prof.-Jacek-Kucharski-prof.-Francesco-Marcelloni-.jpg'><img width=\"2000\" height=\"1333\" src=\"https:\/\/pti.cs.pollub.pl\/wp-content\/uploads\/2019\/06\/CITS2019_przerwa-kawowa-prof.-Jacek-Kucharski-prof.-Francesco-Marcelloni-.jpg\" class=\"attachment-full size-full\" alt=\"\" decoding=\"async\" loading=\"lazy\" aria-describedby=\"gallery-1-498\" srcset=\"https:\/\/pti.cs.pollub.pl\/wp-content\/uploads\/2019\/06\/CITS2019_przerwa-kawowa-prof.-Jacek-Kucharski-prof.-Francesco-Marcelloni-.jpg 2000w, https:\/\/pti.cs.pollub.pl\/wp-content\/uploads\/2019\/06\/CITS2019_przerwa-kawowa-prof.-Jacek-Kucharski-prof.-Francesco-Marcelloni--300x200.jpg 300w, https:\/\/pti.cs.pollub.pl\/wp-content\/uploads\/2019\/06\/CITS2019_przerwa-kawowa-prof.-Jacek-Kucharski-prof.-Francesco-Marcelloni--768x512.jpg 768w, https:\/\/pti.cs.pollub.pl\/wp-content\/uploads\/2019\/06\/CITS2019_przerwa-kawowa-prof.-Jacek-Kucharski-prof.-Francesco-Marcelloni--1024x682.jpg 1024w, https:\/\/pti.cs.pollub.pl\/wp-content\/uploads\/2019\/06\/CITS2019_przerwa-kawowa-prof.-Jacek-Kucharski-prof.-Francesco-Marcelloni--50x33.jpg 50w\" sizes=\"(max-width: 2000px) 100vw, 2000px\" \/><\/a>\n\t\t\t<\/div>\n\t\t\t\t<figcaption class='wp-caption-text gallery-caption' id='gallery-1-498'>\n\t\t\t\tPrzerwa kawowa &#8211; prof. Jacek Kucharski i prof. Francesco Marcelloni\n\t\t\t\t<\/figcaption><\/figure><figure class='gallery-item'>\n\t\t\t<div class='gallery-icon landscape'>\n\t\t\t\t<a href='https:\/\/pti.cs.pollub.pl\/wp-content\/uploads\/2019\/06\/CITS2019-zwiedzanie-Muzeum-Zamoyskich-w-Koz\u0142\u00f3wce-.jpg'><img width=\"2000\" height=\"1333\" src=\"https:\/\/pti.cs.pollub.pl\/wp-content\/uploads\/2019\/06\/CITS2019-zwiedzanie-Muzeum-Zamoyskich-w-Koz\u0142\u00f3wce-.jpg\" class=\"attachment-full size-full\" alt=\"\" decoding=\"async\" loading=\"lazy\" aria-describedby=\"gallery-1-500\" srcset=\"https:\/\/pti.cs.pollub.pl\/wp-content\/uploads\/2019\/06\/CITS2019-zwiedzanie-Muzeum-Zamoyskich-w-Koz\u0142\u00f3wce-.jpg 2000w, https:\/\/pti.cs.pollub.pl\/wp-content\/uploads\/2019\/06\/CITS2019-zwiedzanie-Muzeum-Zamoyskich-w-Koz\u0142\u00f3wce--300x200.jpg 300w, https:\/\/pti.cs.pollub.pl\/wp-content\/uploads\/2019\/06\/CITS2019-zwiedzanie-Muzeum-Zamoyskich-w-Koz\u0142\u00f3wce--768x512.jpg 768w, https:\/\/pti.cs.pollub.pl\/wp-content\/uploads\/2019\/06\/CITS2019-zwiedzanie-Muzeum-Zamoyskich-w-Koz\u0142\u00f3wce--1024x682.jpg 1024w, https:\/\/pti.cs.pollub.pl\/wp-content\/uploads\/2019\/06\/CITS2019-zwiedzanie-Muzeum-Zamoyskich-w-Koz\u0142\u00f3wce--50x33.jpg 50w\" sizes=\"(max-width: 2000px) 100vw, 2000px\" \/><\/a>\n\t\t\t<\/div>\n\t\t\t\t<figcaption class='wp-caption-text gallery-caption' id='gallery-1-500'>\n\t\t\t\tZwiedzanie Pa\u0142acu Zamoyskich w Koz\u0142\u00f3wce\n\t\t\t\t<\/figcaption><\/figure><figure class='gallery-item'>\n\t\t\t<div class='gallery-icon landscape'>\n\t\t\t\t<a href='https:\/\/pti.cs.pollub.pl\/wp-content\/uploads\/2019\/06\/CITS2019-zwiedzanie-Kazimierza-nad-Wis\u0142\u0105-.jpg'><img width=\"2000\" height=\"1333\" src=\"https:\/\/pti.cs.pollub.pl\/wp-content\/uploads\/2019\/06\/CITS2019-zwiedzanie-Kazimierza-nad-Wis\u0142\u0105-.jpg\" class=\"attachment-full size-full\" alt=\"\" decoding=\"async\" loading=\"lazy\" aria-describedby=\"gallery-1-501\" srcset=\"https:\/\/pti.cs.pollub.pl\/wp-content\/uploads\/2019\/06\/CITS2019-zwiedzanie-Kazimierza-nad-Wis\u0142\u0105-.jpg 2000w, https:\/\/pti.cs.pollub.pl\/wp-content\/uploads\/2019\/06\/CITS2019-zwiedzanie-Kazimierza-nad-Wis\u0142\u0105--300x200.jpg 300w, https:\/\/pti.cs.pollub.pl\/wp-content\/uploads\/2019\/06\/CITS2019-zwiedzanie-Kazimierza-nad-Wis\u0142\u0105--768x512.jpg 768w, https:\/\/pti.cs.pollub.pl\/wp-content\/uploads\/2019\/06\/CITS2019-zwiedzanie-Kazimierza-nad-Wis\u0142\u0105--1024x682.jpg 1024w, https:\/\/pti.cs.pollub.pl\/wp-content\/uploads\/2019\/06\/CITS2019-zwiedzanie-Kazimierza-nad-Wis\u0142\u0105--50x33.jpg 50w\" sizes=\"(max-width: 2000px) 100vw, 2000px\" \/><\/a>\n\t\t\t<\/div>\n\t\t\t\t<figcaption class='wp-caption-text gallery-caption' id='gallery-1-501'>\n\t\t\t\tZwiedzanie Kazimierza Dolnego n\/Wis\u0142\u0105\n\t\t\t\t<\/figcaption><\/figure>\n\t\t<\/div>\n\n<p>&nbsp;<\/p>\n","protected":false},"excerpt":{"rendered":"<p>W dniach 13-15 czerwca 2019 r. na Politechnice Lubelskiej odby\u0142a si\u0119 kolejna konferencja z serii Mi\u0119dzynarodowa Konferencja Inteligencji Obliczeniowej, Technik Informacyjnych i Bada\u0144 Systemowych. W tym istotnym wydarzeniu naukowym wzi\u0119\u0142o udzia\u0142 blisko 50 naukowc\u00f3w z r\u00f3\u017cnych o\u015brodk\u00f3w. Oddzia\u0142 Lubelski PTI by\u0142 jednym ze wsp\u00f3\u0142organizator\u00f3w konferencji. Program konferencji mo\u017cna znale\u017a\u0107 tutaj, a ksi\u0119g\u0119 abstrakt\u00f3w tutaj. &nbsp;<\/p>\n","protected":false},"author":2,"featured_media":0,"comment_status":"closed","ping_status":"closed","sticky":false,"template":"","format":"standard","meta":[],"categories":[5],"tags":[],"_links":{"self":[{"href":"https:\/\/pti.cs.pollub.pl\/index.php\/wp-json\/wp\/v2\/posts\/487"}],"collection":[{"href":"https:\/\/pti.cs.pollub.pl\/index.php\/wp-json\/wp\/v2\/posts"}],"about":[{"href":"https:\/\/pti.cs.pollub.pl\/index.php\/wp-json\/wp\/v2\/types\/post"}],"author":[{"embeddable":true,"href":"https:\/\/pti.cs.pollub.pl\/index.php\/wp-json\/wp\/v2\/users\/2"}],"replies":[{"embeddable":true,"href":"https:\/\/pti.cs.pollub.pl\/index.php\/wp-json\/wp\/v2\/comments?post=487"}],"version-history":[{"count":6,"href":"https:\/\/pti.cs.pollub.pl\/index.php\/wp-json\/wp\/v2\/posts\/487\/revisions"}],"predecessor-version":[{"id":507,"href":"https:\/\/pti.cs.pollub.pl\/index.php\/wp-json\/wp\/v2\/posts\/487\/revisions\/507"}],"wp:attachment":[{"href":"https:\/\/pti.cs.pollub.pl\/index.php\/wp-json\/wp\/v2\/media?parent=487"}],"wp:term":[{"taxonomy":"category","embeddable":true,"href":"https:\/\/pti.cs.pollub.pl\/index.php\/wp-json\/wp\/v2\/categories?post=487"},{"taxonomy":"post_tag","embeddable":true,"href":"https:\/\/pti.cs.pollub.pl\/index.php\/wp-json\/wp\/v2\/tags?post=487"}],"curies":[{"name":"wp","href":"https:\/\/api.w.org\/{rel}","templated":true}]}}