{"id":521,"date":"2020-05-22T20:40:55","date_gmt":"2020-05-22T18:40:55","guid":{"rendered":"http:\/\/pti.cs.pollub.pl\/?p=521"},"modified":"2020-05-22T20:44:37","modified_gmt":"2020-05-22T18:44:37","slug":"6-06-2020-walne-zgromadzenie-czlonkow-oddzialu-lubelskiego-pti","status":"publish","type":"post","link":"https:\/\/pti.cs.pollub.pl\/index.php\/2020\/05\/22\/6-06-2020-walne-zgromadzenie-czlonkow-oddzialu-lubelskiego-pti\/","title":{"rendered":"6.06.2020 &#8211; Walne Zgromadzenie Cz\u0142onk\u00f3w Oddzia\u0142u Lubelskiego PTI"},"content":{"rendered":"<p>Zarz\u0105d Oddzia\u0142u Lubelskiego PTI zwo\u0142uje na dzie\u0144 6.06.2020 r. Walne Zgromadzenie Cz\u0142onk\u00f3w Oddzia\u0142u w trybie zdalnym:<\/p>\n<ul>\n<li>pierwszy termin Walnego Zgromadzenia Cz\u0142onk\u00f3w Oddzia\u0142u ustala si\u0119 na <strong>6.06.2020 r. godzina 10:00,<\/strong><\/li>\n<li>drugi termin Walnego Zgromadzenia Cz\u0142onk\u00f3w Oddzia\u0142u ustala si\u0119 na<strong> 6.06.2020 r. godzina 10:15.<\/strong><\/li>\n<\/ul>\n<p>Plan zgromadzenia oraz stosowna uchwa\u0142a zosta\u0142y wys\u0142ane poczt\u0105 elektroniczn\u0105 22.05.2020 do cz\u0142onk\u00f3w oddzia\u0142u.<\/p>\n","protected":false},"excerpt":{"rendered":"<p>Zarz\u0105d Oddzia\u0142u Lubelskiego PTI zwo\u0142uje na dzie\u0144 6.06.2020 r. Walne Zgromadzenie Cz\u0142onk\u00f3w Oddzia\u0142u w trybie zdalnym: pierwszy termin Walnego Zgromadzenia Cz\u0142onk\u00f3w Oddzia\u0142u ustala si\u0119 na 6.06.2020 r. godzina 10:00, drugi termin Walnego Zgromadzenia Cz\u0142onk\u00f3w Oddzia\u0142u ustala si\u0119 na 6.06.2020 r. godzina 10:15. Plan zgromadzenia oraz stosowna uchwa\u0142a zosta\u0142y wys\u0142ane poczt\u0105 elektroniczn\u0105 22.05.2020 do cz\u0142onk\u00f3w oddzia\u0142u.<\/p>\n","protected":false},"author":2,"featured_media":0,"comment_status":"closed","ping_status":"closed","sticky":false,"template":"","format":"standard","meta":[],"categories":[5],"tags":[],"_links":{"self":[{"href":"https:\/\/pti.cs.pollub.pl\/index.php\/wp-json\/wp\/v2\/posts\/521"}],"collection":[{"href":"https:\/\/pti.cs.pollub.pl\/index.php\/wp-json\/wp\/v2\/posts"}],"about":[{"href":"https:\/\/pti.cs.pollub.pl\/index.php\/wp-json\/wp\/v2\/types\/post"}],"author":[{"embeddable":true,"href":"https:\/\/pti.cs.pollub.pl\/index.php\/wp-json\/wp\/v2\/users\/2"}],"replies":[{"embeddable":true,"href":"https:\/\/pti.cs.pollub.pl\/index.php\/wp-json\/wp\/v2\/comments?post=521"}],"version-history":[{"count":2,"href":"https:\/\/pti.cs.pollub.pl\/index.php\/wp-json\/wp\/v2\/posts\/521\/revisions"}],"predecessor-version":[{"id":525,"href":"https:\/\/pti.cs.pollub.pl\/index.php\/wp-json\/wp\/v2\/posts\/521\/revisions\/525"}],"wp:attachment":[{"href":"https:\/\/pti.cs.pollub.pl\/index.php\/wp-json\/wp\/v2\/media?parent=521"}],"wp:term":[{"taxonomy":"category","embeddable":true,"href":"https:\/\/pti.cs.pollub.pl\/index.php\/wp-json\/wp\/v2\/categories?post=521"},{"taxonomy":"post_tag","embeddable":true,"href":"https:\/\/pti.cs.pollub.pl\/index.php\/wp-json\/wp\/v2\/tags?post=521"}],"curies":[{"name":"wp","href":"https:\/\/api.w.org\/{rel}","templated":true}]}}